{"id":3319,"date":"2020-09-11T13:44:51","date_gmt":"2020-09-11T13:44:51","guid":{"rendered":"https:\/\/weber-medien.de\/?p=3319"},"modified":"2020-10-02T12:59:29","modified_gmt":"2020-10-02T12:59:29","slug":"fotograf-aalen-ostalbkreis-fotostudio-loft-hochzeit-hochzeitsfotograf-hochzeitsreportage-abtsgmuend-ellwangen-fotoshooting-michael-weber-fotografie-ostalb-motorrad-auto-shooting-familie-kinder-auftrag","status":"publish","type":"post","link":"https:\/\/weber-medien.de\/?p=3319","title":{"rendered":"Fotograf Aalen Ostalbkreis Fotostudio"},"content":{"rendered":"\n<p><span class=\"has-inline-color has-vivid-cyan-blue-color\">Wir starten mit einer zus\u00e4tzlichen Webseite f\u00fcr Mobilger\u00e4te. Einfach zu bedienen und leicht handhabbar auf dem Smartphone oder Tablet aber dennoch auch f\u00fcr den Desktop PC geeignet. Alle Inhalte sind bis zu 4K ausgelegt. F\u00fcr unsere Besucher die beste Qualit\u00e4t an hoch aufgel\u00f6sten Bildern. Mehr geht im Moment nicht. <br><br>Viel Spa\u00df beim Durchst\u00f6bern unserer Seite!<br><br>Michael Weber Fotografie Aalen Ostalbkreis wird immer ein &#8222;non-commercial-project&#8220; bleiben!<br><br>Wir fotografieren nicht f\u00fcr Geld. Sondern nur aus Leidenschaft. Michael Weber Fotografie ist ein privat finanziertes Projekt.<br><br>Liebe Gr\u00fc\u00dfe euer Michael<\/span><\/p>\n\n\n\n<div id=\"justified-grid\" class=\"wp-block-bauman-gutenberg-collage full has-animation\">\n<div class=\"collage-thumb\"><a class=\"image-link\" href=\"https:\/\/weber-medien.de\/wp-content\/uploads\/2020\/09\/aalen-abtsgmuend-ellwangen-heidenheim-moegglingen-unterkochen-oberkochen-hochzeit-hochzeitsfotografie.png\"><img decoding=\"async\" src=\"https:\/\/weber-medien.de\/wp-content\/uploads\/2020\/09\/aalen-abtsgmuend-ellwangen-heidenheim-moegglingen-unterkochen-oberkochen-hochzeit-hochzeitsfotografie.png\" alt=\"\" \/><div class=\"thumb-info\"><h6>Caption Text<\/h6><\/div><\/a><\/div>\n\n\n\n<div class=\"collage-thumb\"><a class=\"image-link\" href=\"https:\/\/weber-medien.de\/wp-content\/uploads\/2020\/09\/aalen-fotograf-abtsgmuend-fotostudio-neubronn-auftragsfotografie-ellwangen-heidenheim-Noerdlingen.png\"><img decoding=\"async\" src=\"https:\/\/weber-medien.de\/wp-content\/uploads\/2020\/09\/aalen-fotograf-abtsgmuend-fotostudio-neubronn-auftragsfotografie-ellwangen-heidenheim-Noerdlingen.png\" alt=\"\" \/><div class=\"thumb-info\"><h6>Caption Text<\/h6><\/div><\/a><\/div>\n\n\n\n<div class=\"collage-thumb\"><a class=\"image-link\" href=\"https:\/\/weber-medien.de\/wp-content\/uploads\/2020\/09\/aalen-fotostudio-fotograf-abtsgmu\u0308nd-abtsgmuend-ellwangen-heidenheim-fotoloft-akt-dessous-shooting.jpg\"><img decoding=\"async\" src=\"https:\/\/weber-medien.de\/wp-content\/uploads\/2020\/09\/aalen-fotostudio-fotograf-abtsgmu\u0308nd-abtsgmuend-ellwangen-heidenheim-fotoloft-akt-dessous-shooting.jpg\" alt=\"\" \/><div class=\"thumb-info\"><h6>Caption Text<\/h6><\/div><\/a><\/div>\n\n\n\n<div class=\"collage-thumb\"><a class=\"image-link\" href=\"https:\/\/weber-medien.de\/wp-content\/uploads\/2020\/09\/aalen-fotostudio-portrait-paar-familie-freunde-verein-street-strassen-fotografie-art-kunst-reportage.png\"><img decoding=\"async\" src=\"https:\/\/weber-medien.de\/wp-content\/uploads\/2020\/09\/aalen-fotostudio-portrait-paar-familie-freunde-verein-street-strassen-fotografie-art-kunst-reportage.png\" alt=\"\" \/><div class=\"thumb-info\"><h6>Caption Text<\/h6><\/div><\/a><\/div>\n\n\n\n<div class=\"collage-thumb\"><a class=\"image-link\" href=\"https:\/\/weber-medien.de\/wp-content\/uploads\/2020\/09\/aalen-fotograf-abtsgmuend-fotostudio-ellwangen-auftragsfotografie-neubronn-shooting-heidenheim-fotoshooting-Oberkochen-fotografie.png\"><img decoding=\"async\" src=\"https:\/\/weber-medien.de\/wp-content\/uploads\/2020\/09\/aalen-fotograf-abtsgmuend-fotostudio-ellwangen-auftragsfotografie-neubronn-shooting-heidenheim-fotoshooting-Oberkochen-fotografie.png\" alt=\"\" \/><div class=\"thumb-info\"><h6>Caption Text<\/h6><\/div><\/a><\/div>\n\n\n\n<div class=\"collage-thumb\"><a class=\"image-link\" href=\"https:\/\/weber-medien.de\/wp-content\/uploads\/2020\/09\/aalen-hochzeit-ellwangen-familie-heidenheim-kinder-paar-shooting-fotografie-abtsgmuend-fotostudio-wasseralfingen.png\"><img decoding=\"async\" src=\"https:\/\/weber-medien.de\/wp-content\/uploads\/2020\/09\/aalen-hochzeit-ellwangen-familie-heidenheim-kinder-paar-shooting-fotografie-abtsgmuend-fotostudio-wasseralfingen.png\" alt=\"\" \/><div class=\"thumb-info\"><h6>Caption Text<\/h6><\/div><\/a><\/div>\n\n\n\n<div class=\"collage-thumb\"><a class=\"image-link\" href=\"https:\/\/weber-medien.de\/wp-content\/uploads\/2020\/09\/abtsgmuend-aalen-fotografie-hochzeit-ellwangen-hochzeitsfotografie-make-up-heidenheim-bopfingen-noerdlingen-fotograf.png\"><img decoding=\"async\" src=\"https:\/\/weber-medien.de\/wp-content\/uploads\/2020\/09\/abtsgmuend-aalen-fotografie-hochzeit-ellwangen-hochzeitsfotografie-make-up-heidenheim-bopfingen-noerdlingen-fotograf.png\" alt=\"\" \/><div class=\"thumb-info\"><h6>Caption Text<\/h6><\/div><\/a><\/div>\n\n\n\n<div class=\"collage-thumb\"><a class=\"image-link\" href=\"https:\/\/weber-medien.de\/wp-content\/uploads\/2020\/09\/bopfingen-noerdlingen-riesbuerg-kirchheimamries-aufhausen-augsburg-trochtelfingen-schlossberg-flochberg-ipf-1365x2000-1.png\"><img decoding=\"async\" src=\"https:\/\/weber-medien.de\/wp-content\/uploads\/2020\/09\/bopfingen-noerdlingen-riesbuerg-kirchheimamries-aufhausen-augsburg-trochtelfingen-schlossberg-flochberg-ipf-1365x2000-1.png\" alt=\"\" \/><div class=\"thumb-info\"><h6>Caption Text<\/h6><\/div><\/a><\/div>\n\n\n\n<div class=\"collage-thumb\"><a class=\"image-link\" href=\"https:\/\/weber-medien.de\/wp-content\/uploads\/2020\/09\/fotograf-abtsgmuend-aalen-fotostudio-neubronn-hochzeit-akt-dessous-shooting-ostalbkreis-hochzeitsfotograf.png\"><img decoding=\"async\" src=\"https:\/\/weber-medien.de\/wp-content\/uploads\/2020\/09\/fotograf-abtsgmuend-aalen-fotostudio-neubronn-hochzeit-akt-dessous-shooting-ostalbkreis-hochzeitsfotograf.png\" alt=\"\" \/><div class=\"thumb-info\"><h6>Caption Text<\/h6><\/div><\/a><\/div>\n\n\n\n<div class=\"collage-thumb\"><a class=\"image-link\" href=\"https:\/\/weber-medien.de\/wp-content\/uploads\/2020\/09\/street-art-kunst-aalen-event-fotostudio-Ostalbkreis-autofotografie-fashion-style-portrait-schwarzweiss.png\"><img decoding=\"async\" src=\"https:\/\/weber-medien.de\/wp-content\/uploads\/2020\/09\/street-art-kunst-aalen-event-fotostudio-Ostalbkreis-autofotografie-fashion-style-portrait-schwarzweiss.png\" alt=\"\" \/><div class=\"thumb-info\"><h6>Caption Text<\/h6><\/div><\/a><\/div>\n\n\n\n<div class=\"collage-thumb\"><a class=\"image-link\" href=\"https:\/\/weber-medien.de\/wp-content\/uploads\/2020\/09\/heidenheim-fotografie-loft-fotostudio-akt-dessous-hochzeitsfotograf-hochzeitsreportage-dokumentation-schnaitheim.png\"><img decoding=\"async\" src=\"https:\/\/weber-medien.de\/wp-content\/uploads\/2020\/09\/heidenheim-fotografie-loft-fotostudio-akt-dessous-hochzeitsfotograf-hochzeitsreportage-dokumentation-schnaitheim.png\" alt=\"\" \/><div class=\"thumb-info\"><h6>Caption Text<\/h6><\/div><\/a><\/div>\n\n\n\n<div class=\"collage-thumb\"><a class=\"image-link\" href=\"https:\/\/weber-medien.de\/wp-content\/uploads\/2020\/09\/noerdlingen-visa-artist-portrait-bopfingen-street-familie-paar-tfp-event-fotostudio-tattoo-akt-dessous-shooting.png\"><img decoding=\"async\" src=\"https:\/\/weber-medien.de\/wp-content\/uploads\/2020\/09\/noerdlingen-visa-artist-portrait-bopfingen-street-familie-paar-tfp-event-fotostudio-tattoo-akt-dessous-shooting.png\" alt=\"\" \/><div class=\"thumb-info\"><h6>Caption Text<\/h6><\/div><\/a><\/div>\n\n\n\n<div class=\"collage-thumb\"><a class=\"image-link\" href=\"https:\/\/weber-medien.de\/wp-content\/uploads\/2020\/09\/strassenfotografie-aalen-fotostudio-neubronn-portrait-auftragsfotografie-visagist-brautstylist.png\"><img decoding=\"async\" src=\"https:\/\/weber-medien.de\/wp-content\/uploads\/2020\/09\/strassenfotografie-aalen-fotostudio-neubronn-portrait-auftragsfotografie-visagist-brautstylist.png\" alt=\"\" \/><div class=\"thumb-info\"><h6>Caption Text<\/h6><\/div><\/a><\/div>\n\n\n\n<div class=\"collage-thumb\"><a class=\"image-link\" href=\"https:\/\/weber-medien.de\/wp-content\/uploads\/2020\/09\/unterkochenfotograf-ostalbkreis-motorradfotografie-oberkochen-fotostudio-paar-photography-hochzeit.png\"><img decoding=\"async\" src=\"https:\/\/weber-medien.de\/wp-content\/uploads\/2020\/09\/unterkochenfotograf-ostalbkreis-motorradfotografie-oberkochen-fotostudio-paar-photography-hochzeit.png\" alt=\"\" \/><div class=\"thumb-info\"><h6>Caption Text<\/h6><\/div><\/a><\/div>\n<\/div>\n\n\n\n<p><\/p>\n\n\n\n<div style=\"height:462px\" aria-hidden=\"true\" class=\"wp-block-spacer\"><\/div>\n\n\n\n<p>Loft Hochzeit Hochzeitsfotograf Hochzeitsreportage Abtsgm\u00fcnd Ellwangen Fotoshooting Michael Weber Fotografie Ostalb Motorrad Auto Shooting Familie Kinder Auftragsfotografie Hochzeit Photographer Fotoloft Loftwohnung Loft-Fotostudio Luxus Hochzeitsdokumentation Heidenheim H\u00fcttlingen Oberkochen Unterkochen K\u00f6nigsbronn Schw\u00e4bisch Gm\u00fcnd M\u00f6gglingen B\u00f6bingen Essingen Forst Bopfingen N\u00f6rdlingen Oberrombach Rauental Unterrombach Hofherrnweiler<\/p>\n\n\n\n<p><span style=\"color:#e2e2e2\" class=\"has-inline-color\">Hochzeiten, Portraits, Akt, Dessous, Street, Streetart, Inddor, Outdoor, Fotostudio, Loft, Foto-Loft, Fotoloft, Photoloft, Photo-Loft, Photo, Foto, Hochzeitsfotografie, Aktfotografie, Actionfotografie, Architekturfotografie, Dokumentationsfotografie, Auftragsfotografie, Auftrag-Fotografie, TFP, TFP-Vertrag, TFP-Vertrag Aalen, TFP-Vertrag Abtsgm\u00fcnd, Modefotografie, Landschaftsfotografie, Stra\u00dfenfotografie, Szenische Fotografie, Pin-up Fotografie, Schwarzwei\u00dffotografie, Fotografik, Food-Fotografie, Konzertfotografie, Gothicfotografie, Casual Fotografie, Casualfotografie, Hochzeitsfotografie, Hochzeitsfotograf, Sensual Portrait, Sensual Fotografie, Sensual Photography, Boudoir, Boudoir Photography, Loft, Fotoloft, Foto-Loft, Hochzeitsfotos, Hochzeitsfotograf, Eventfotograf, Kindergarten, Schule, Kinderfotograf, Klassenfoto, Schulfotograf, Kindergartenfotograf, Vereinfotograf, Vereinsfotograf, Sportfotograf, Makeup, Make-up, Make-up Artist, Visa, Visachist, Visagist, Brautstylist, Kosmetik, Cosmetic, Kosmetiker, Kosmetikerin, Make-up Profi, Hochzeitsreportagen, Familienportraits, Familienfotos Liebespaare, Kinder und Familien, Kinder &amp; Familien, Hochzeit Reportage, Reportage, Portrait-Foto, Portrait-Photo, Portraitfoto, Portraitphoto, Portraitfotos, Portraitphotos, Foto-Portrait, Photo-Portrait, Fotoportrait, Photoportrait, Fotoreportage, Photoreportage, Foto-Reportage, Photoreportage, Hochzeitsreportage, Island, Islandfotografie, Street, Streetfotografie, Street-Fotografie, Streetphotography, Island-Fotografie, Islandphotography, Island-Photography, Island-Fotos, Island-Photos, Islandfotos, Islandphotos, Islandfoto, Islandphoto, Island-Foto, Island-Photo, uvm<\/span><\/p>\n\n\n\n<p><\/p>\n\n\n\n<p><span style=\"color:#e2e2e2\" class=\"has-inline-color\">Fotostudio, Aalen, Fotograf, Heidenheim, Shooting, Ellwangen, Auftragsfotografie, N\u00f6rdlingen, Hochzeitsfotografie, Bopfingen, Portrait, Hochzeit, Aalen, Abtsgm\u00fcnd, Neubronn, Studio, Loft, Fotoloft, Foto-Loft, Aalen-Loft, Aalen-Foto-Loft, Photo-Loft, Photoloft, Aalen-Photo-Loft, Kunst, Island, Geburtstag, Verein, Vereinsfotografie, Tierfotografie, Portraitfotografie, Vereinsfotografie, Reportage, Bayern, Ostalbkreis, Rainau, Westhausen, Lauchheim, Essingen, M\u00f6gglingen, Oberkochen, Unterkcohen, K\u00f6nigsbronn, Neuler, Treppach, Onatsfeld, Hammerstadt, Wasseralfingen, H\u00fcttlingen, Affalterried, G\u00f6ppingen, Gei\u00dflingen, Schw\u00e4bische Alb, Alb, Albtrauf, Schwaben, Baden, W\u00fcrttemberg, Badenw\u00fcrttemberg, Bodensee, Konstanz, Brenz, Brenzursprung, Augsburg, Donauw\u00f6rth, Dinkelsb\u00fchl, Crailsheim, Jagstzell, Stimpfach, Adelmannsfelden, Rosenberg, Schechingen, Reichenbach, Gaildorf<\/span><\/p>\n","protected":false},"excerpt":{"rendered":"<p>Wir starten mit einer zus\u00e4tzlichen Webseite f\u00fcr Mobilger\u00e4te. Einfach zu bedienen und leicht handhabbar auf dem Smartphone oder Tablet aber dennoch auch f\u00fcr den Desktop PC geeignet. Alle Inhalte sind bis zu 4K ausgelegt. F\u00fcr unsere Besucher die beste Qualit\u00e4t an hoch aufgel\u00f6sten Bildern. Mehr geht im Moment nicht. Viel Spa\u00df beim Durchst\u00f6bern unserer Seite! [&hellip;]<\/p>\n","protected":false},"author":1,"featured_media":3335,"comment_status":"closed","ping_status":"open","sticky":false,"template":"","format":"standard","meta":{"_exactmetrics_skip_tracking":false,"_exactmetrics_sitenote_active":false,"_exactmetrics_sitenote_note":"","_exactmetrics_sitenote_category":0,"_uf_show_specific_survey":0,"_uf_disable_surveys":false,"footnotes":""},"categories":[27,37,39,40,26,31,36,35,29,41,30,45,42,32,33,34,2,38,28,3,44,43,4],"tags":[47,57,59,67,60,46,51,56,55,48,61,50,65,62,52,53,54,58,66,49,63],"class_list":["post-3319","post","type-post","status-publish","format-standard","has-post-thumbnail","hentry","category-aalen","category-abtsgmuend","category-auftragsfotografie","category-ellwangen","category-fotografie","category-fotostudio","category-heidenheim","category-hochzeitsfotograf","category-hochzeitsfotografie","category-hochzeitskleid","category-hochzeitsreportage","category-homeshooting","category-landschaftsfotograf","category-loft","category-loftwohnung","category-luxus","category-nature","category-neubronn","category-ostalbkreis","category-sport","category-streephotography","category-streetfotografie","category-travel","tag-aalen","tag-abtsgmuend","tag-auftragsfotografie","tag-bopfingen","tag-ellwangen","tag-fotografie","tag-fotostudio","tag-heidenheim","tag-hochzeitsfotograf","tag-hochzeitsfotografie","tag-hochzeitskleid","tag-hochzeitsreportage","tag-homeshooting","tag-landschaftsfotograf","tag-loft","tag-loftwohnung","tag-luxus","tag-neubronn","tag-noerdlingen","tag-ostalbkreis","tag-streetfotografie"],"aioseo_notices":[],"yoast_head":"<!-- This site is optimized with the Yoast SEO plugin v27.5 - https:\/\/yoast.com\/product\/yoast-seo-wordpress\/ -->\n<title>Fotograf Aalen Ostalbkreis Fotostudio - Fotografie Aalen Ellwangen Heidenheim Abtsgm\u00fcnd Oberkochen Unterkochen Schw\u00e4bisch Gm\u00fcnd Ostalb<\/title>\n<meta name=\"robots\" content=\"index, follow, max-snippet:-1, max-image-preview:large, max-video-preview:-1\" \/>\n<link rel=\"canonical\" href=\"https:\/\/weber-medien.de\/?p=3319\" \/>\n<meta property=\"og:locale\" content=\"de_DE\" \/>\n<meta property=\"og:type\" content=\"article\" \/>\n<meta property=\"og:title\" content=\"Fotograf Aalen Ostalbkreis Fotostudio - Fotografie Aalen Ellwangen Heidenheim Abtsgm\u00fcnd Oberkochen Unterkochen Schw\u00e4bisch Gm\u00fcnd Ostalb\" \/>\n<meta property=\"og:description\" content=\"Wir starten mit einer zus\u00e4tzlichen Webseite f\u00fcr Mobilger\u00e4te. Einfach zu bedienen und leicht handhabbar auf dem Smartphone oder Tablet aber dennoch auch f\u00fcr den Desktop PC geeignet. Alle Inhalte sind bis zu 4K ausgelegt. F\u00fcr unsere Besucher die beste Qualit\u00e4t an hoch aufgel\u00f6sten Bildern. Mehr geht im Moment nicht. Viel Spa\u00df beim Durchst\u00f6bern unserer Seite! [&hellip;]\" \/>\n<meta property=\"og:url\" content=\"https:\/\/weber-medien.de\/?p=3319\" \/>\n<meta property=\"og:site_name\" content=\"Fotografie Aalen Ellwangen Heidenheim Abtsgm\u00fcnd Oberkochen Unterkochen Schw\u00e4bisch Gm\u00fcnd Ostalb\" \/>\n<meta property=\"article:publisher\" content=\"https:\/\/www.facebook.com\/weberfotografie\" \/>\n<meta property=\"article:published_time\" content=\"2020-09-11T13:44:51+00:00\" \/>\n<meta property=\"article:modified_time\" content=\"2020-10-02T12:59:29+00:00\" \/>\n<meta property=\"og:image\" content=\"https:\/\/weber-medien.de\/wp-content\/uploads\/2020\/09\/fotograf-abtsgmuend-aalen-fotostudio-neubronn-hochzeit-akt-dessous-shooting-ostalbkreis-hochzeitsfotograf.png\" \/>\n\t<meta property=\"og:image:width\" content=\"2048\" \/>\n\t<meta property=\"og:image:height\" content=\"1365\" \/>\n\t<meta property=\"og:image:type\" content=\"image\/png\" \/>\n<meta name=\"author\" content=\"admin\" \/>\n<meta name=\"twitter:card\" content=\"summary_large_image\" \/>\n<meta name=\"twitter:label1\" content=\"Verfasst von\" \/>\n\t<meta name=\"twitter:data1\" content=\"admin\" \/>\n\t<meta name=\"twitter:label2\" content=\"Gesch\u00e4tzte Lesezeit\" \/>\n\t<meta name=\"twitter:data2\" content=\"4\u00a0Minuten\" \/>\n<script type=\"application\/ld+json\" class=\"yoast-schema-graph\">{\"@context\":\"https:\\\/\\\/schema.org\",\"@graph\":[{\"@type\":\"Article\",\"@id\":\"https:\\\/\\\/weber-medien.de\\\/?p=3319#article\",\"isPartOf\":{\"@id\":\"https:\\\/\\\/weber-medien.de\\\/?p=3319\"},\"author\":{\"name\":\"admin\",\"@id\":\"https:\\\/\\\/weber-medien.de\\\/#\\\/schema\\\/person\\\/3060c4c42b10b53400f77b7a0b7334f1\"},\"headline\":\"Fotograf Aalen Ostalbkreis Fotostudio\",\"datePublished\":\"2020-09-11T13:44:51+00:00\",\"dateModified\":\"2020-10-02T12:59:29+00:00\",\"mainEntityOfPage\":{\"@id\":\"https:\\\/\\\/weber-medien.de\\\/?p=3319\"},\"wordCount\":781,\"publisher\":{\"@id\":\"https:\\\/\\\/weber-medien.de\\\/#organization\"},\"image\":{\"@id\":\"https:\\\/\\\/weber-medien.de\\\/?p=3319#primaryimage\"},\"thumbnailUrl\":\"https:\\\/\\\/weber-medien.de\\\/wp-content\\\/uploads\\\/2020\\\/09\\\/fotograf-abtsgmuend-aalen-fotostudio-neubronn-hochzeit-akt-dessous-shooting-ostalbkreis-hochzeitsfotograf.png\",\"keywords\":[\"Aalen\",\"Abtsgm\u00fcnd\",\"Auftragsfotografie\",\"Bopfingen\",\"Ellwangen\",\"Fotografie\",\"Fotostudio\",\"Heidenheim\",\"Hochzeitsfotograf\",\"Hochzeitsfotografie\",\"Hochzeitskleid\",\"Hochzeitsreportage\",\"Homeshooting\",\"Landschaftsfotograf\",\"Loft\",\"Loftwohnung\",\"Luxus\",\"Neubronn\",\"N\u00f6rdlingen\",\"Ostalbkreis\",\"Streetfotografie\"],\"articleSection\":[\"Aalen\",\"Abtsgm\u00fcnd\",\"Auftragsfotografie\",\"Ellwangen\",\"Fotografie\",\"Fotostudio\",\"Heidenheim\",\"Hochzeitsfotograf\",\"Hochzeitsfotografie\",\"Hochzeitskleid\",\"Hochzeitsreportage\",\"Homeshooting\",\"Landschaftsfotograf\",\"Loft\",\"Loftwohnung\",\"Luxus\",\"Nature\",\"Neubronn\",\"Ostalbkreis\",\"Sport\",\"Streephotography\",\"Streetfotografie\",\"Travel\"],\"inLanguage\":\"de\"},{\"@type\":\"WebPage\",\"@id\":\"https:\\\/\\\/weber-medien.de\\\/?p=3319\",\"url\":\"https:\\\/\\\/weber-medien.de\\\/?p=3319\",\"name\":\"Fotograf Aalen Ostalbkreis Fotostudio - Fotografie Aalen Ellwangen Heidenheim Abtsgm\u00fcnd Oberkochen Unterkochen Schw\u00e4bisch Gm\u00fcnd Ostalb\",\"isPartOf\":{\"@id\":\"https:\\\/\\\/weber-medien.de\\\/#website\"},\"primaryImageOfPage\":{\"@id\":\"https:\\\/\\\/weber-medien.de\\\/?p=3319#primaryimage\"},\"image\":{\"@id\":\"https:\\\/\\\/weber-medien.de\\\/?p=3319#primaryimage\"},\"thumbnailUrl\":\"https:\\\/\\\/weber-medien.de\\\/wp-content\\\/uploads\\\/2020\\\/09\\\/fotograf-abtsgmuend-aalen-fotostudio-neubronn-hochzeit-akt-dessous-shooting-ostalbkreis-hochzeitsfotograf.png\",\"datePublished\":\"2020-09-11T13:44:51+00:00\",\"dateModified\":\"2020-10-02T12:59:29+00:00\",\"breadcrumb\":{\"@id\":\"https:\\\/\\\/weber-medien.de\\\/?p=3319#breadcrumb\"},\"inLanguage\":\"de\",\"potentialAction\":[{\"@type\":\"ReadAction\",\"target\":[\"https:\\\/\\\/weber-medien.de\\\/?p=3319\"]}]},{\"@type\":\"ImageObject\",\"inLanguage\":\"de\",\"@id\":\"https:\\\/\\\/weber-medien.de\\\/?p=3319#primaryimage\",\"url\":\"https:\\\/\\\/weber-medien.de\\\/wp-content\\\/uploads\\\/2020\\\/09\\\/fotograf-abtsgmuend-aalen-fotostudio-neubronn-hochzeit-akt-dessous-shooting-ostalbkreis-hochzeitsfotograf.png\",\"contentUrl\":\"https:\\\/\\\/weber-medien.de\\\/wp-content\\\/uploads\\\/2020\\\/09\\\/fotograf-abtsgmuend-aalen-fotostudio-neubronn-hochzeit-akt-dessous-shooting-ostalbkreis-hochzeitsfotograf.png\",\"width\":2048,\"height\":1365,\"caption\":\"Fotograf Abtsgm\u00fcnd Aalen Fotostudio Neubronn Hochzeit Akt Dessous Shooting Ostalbkreis Hochzeitsfotograf\"},{\"@type\":\"BreadcrumbList\",\"@id\":\"https:\\\/\\\/weber-medien.de\\\/?p=3319#breadcrumb\",\"itemListElement\":[{\"@type\":\"ListItem\",\"position\":1,\"name\":\"Startseite\",\"item\":\"https:\\\/\\\/weber-medien.de\\\/\"},{\"@type\":\"ListItem\",\"position\":2,\"name\":\"Fotograf Aalen Ostalbkreis Fotostudio\"}]},{\"@type\":\"WebSite\",\"@id\":\"https:\\\/\\\/weber-medien.de\\\/#website\",\"url\":\"https:\\\/\\\/weber-medien.de\\\/\",\"name\":\"Fotografie Aalen Ellwangen Heidenheim Abtsgm\u00fcnd Oberkochen Unterkochen Schw\u00e4bisch Gm\u00fcnd Ostalb\",\"description\":\"Fotografie Ostalbkreis Michael Weber Fotograf Hochzeit\",\"publisher\":{\"@id\":\"https:\\\/\\\/weber-medien.de\\\/#organization\"},\"potentialAction\":[{\"@type\":\"SearchAction\",\"target\":{\"@type\":\"EntryPoint\",\"urlTemplate\":\"https:\\\/\\\/weber-medien.de\\\/?s={search_term_string}\"},\"query-input\":{\"@type\":\"PropertyValueSpecification\",\"valueRequired\":true,\"valueName\":\"search_term_string\"}}],\"inLanguage\":\"de\"},{\"@type\":\"Organization\",\"@id\":\"https:\\\/\\\/weber-medien.de\\\/#organization\",\"name\":\"Michael Weber Fotografie in Aalen Ostalbkreis\",\"url\":\"https:\\\/\\\/weber-medien.de\\\/\",\"logo\":{\"@type\":\"ImageObject\",\"inLanguage\":\"de\",\"@id\":\"https:\\\/\\\/weber-medien.de\\\/#\\\/schema\\\/logo\\\/image\\\/\",\"url\":\"https:\\\/\\\/weber-medien.de\\\/wp-content\\\/uploads\\\/2021\\\/07\\\/michael-weber-fotografie-fotograf-fotostudio-hochzeitsfotografie-aalen-ostalbkreis.jpg\",\"contentUrl\":\"https:\\\/\\\/weber-medien.de\\\/wp-content\\\/uploads\\\/2021\\\/07\\\/michael-weber-fotografie-fotograf-fotostudio-hochzeitsfotografie-aalen-ostalbkreis.jpg\",\"width\":1200,\"height\":630,\"caption\":\"Michael Weber Fotografie in Aalen Ostalbkreis\"},\"image\":{\"@id\":\"https:\\\/\\\/weber-medien.de\\\/#\\\/schema\\\/logo\\\/image\\\/\"},\"sameAs\":[\"https:\\\/\\\/www.facebook.com\\\/weberfotografie\",\"https:\\\/\\\/www.instagram.com\\\/weberfotografie\"]},{\"@type\":\"Person\",\"@id\":\"https:\\\/\\\/weber-medien.de\\\/#\\\/schema\\\/person\\\/3060c4c42b10b53400f77b7a0b7334f1\",\"name\":\"admin\",\"sameAs\":[\"https:\\\/\\\/weber-medien.de\"],\"url\":\"https:\\\/\\\/weber-medien.de\\\/?author=1\"}]}<\/script>\n<!-- \/ Yoast SEO plugin. -->","yoast_head_json":{"title":"Fotograf Aalen Ostalbkreis Fotostudio - Fotografie Aalen Ellwangen Heidenheim Abtsgm\u00fcnd Oberkochen Unterkochen Schw\u00e4bisch Gm\u00fcnd Ostalb","robots":{"index":"index","follow":"follow","max-snippet":"max-snippet:-1","max-image-preview":"max-image-preview:large","max-video-preview":"max-video-preview:-1"},"canonical":"https:\/\/weber-medien.de\/?p=3319","og_locale":"de_DE","og_type":"article","og_title":"Fotograf Aalen Ostalbkreis Fotostudio - Fotografie Aalen Ellwangen Heidenheim Abtsgm\u00fcnd Oberkochen Unterkochen Schw\u00e4bisch Gm\u00fcnd Ostalb","og_description":"Wir starten mit einer zus\u00e4tzlichen Webseite f\u00fcr Mobilger\u00e4te. Einfach zu bedienen und leicht handhabbar auf dem Smartphone oder Tablet aber dennoch auch f\u00fcr den Desktop PC geeignet. Alle Inhalte sind bis zu 4K ausgelegt. F\u00fcr unsere Besucher die beste Qualit\u00e4t an hoch aufgel\u00f6sten Bildern. Mehr geht im Moment nicht. Viel Spa\u00df beim Durchst\u00f6bern unserer Seite! [&hellip;]","og_url":"https:\/\/weber-medien.de\/?p=3319","og_site_name":"Fotografie Aalen Ellwangen Heidenheim Abtsgm\u00fcnd Oberkochen Unterkochen Schw\u00e4bisch Gm\u00fcnd Ostalb","article_publisher":"https:\/\/www.facebook.com\/weberfotografie","article_published_time":"2020-09-11T13:44:51+00:00","article_modified_time":"2020-10-02T12:59:29+00:00","og_image":[{"width":2048,"height":1365,"url":"https:\/\/weber-medien.de\/wp-content\/uploads\/2020\/09\/fotograf-abtsgmuend-aalen-fotostudio-neubronn-hochzeit-akt-dessous-shooting-ostalbkreis-hochzeitsfotograf.png","type":"image\/png"}],"author":"admin","twitter_card":"summary_large_image","twitter_misc":{"Verfasst von":"admin","Gesch\u00e4tzte Lesezeit":"4\u00a0Minuten"},"schema":{"@context":"https:\/\/schema.org","@graph":[{"@type":"Article","@id":"https:\/\/weber-medien.de\/?p=3319#article","isPartOf":{"@id":"https:\/\/weber-medien.de\/?p=3319"},"author":{"name":"admin","@id":"https:\/\/weber-medien.de\/#\/schema\/person\/3060c4c42b10b53400f77b7a0b7334f1"},"headline":"Fotograf Aalen Ostalbkreis Fotostudio","datePublished":"2020-09-11T13:44:51+00:00","dateModified":"2020-10-02T12:59:29+00:00","mainEntityOfPage":{"@id":"https:\/\/weber-medien.de\/?p=3319"},"wordCount":781,"publisher":{"@id":"https:\/\/weber-medien.de\/#organization"},"image":{"@id":"https:\/\/weber-medien.de\/?p=3319#primaryimage"},"thumbnailUrl":"https:\/\/weber-medien.de\/wp-content\/uploads\/2020\/09\/fotograf-abtsgmuend-aalen-fotostudio-neubronn-hochzeit-akt-dessous-shooting-ostalbkreis-hochzeitsfotograf.png","keywords":["Aalen","Abtsgm\u00fcnd","Auftragsfotografie","Bopfingen","Ellwangen","Fotografie","Fotostudio","Heidenheim","Hochzeitsfotograf","Hochzeitsfotografie","Hochzeitskleid","Hochzeitsreportage","Homeshooting","Landschaftsfotograf","Loft","Loftwohnung","Luxus","Neubronn","N\u00f6rdlingen","Ostalbkreis","Streetfotografie"],"articleSection":["Aalen","Abtsgm\u00fcnd","Auftragsfotografie","Ellwangen","Fotografie","Fotostudio","Heidenheim","Hochzeitsfotograf","Hochzeitsfotografie","Hochzeitskleid","Hochzeitsreportage","Homeshooting","Landschaftsfotograf","Loft","Loftwohnung","Luxus","Nature","Neubronn","Ostalbkreis","Sport","Streephotography","Streetfotografie","Travel"],"inLanguage":"de"},{"@type":"WebPage","@id":"https:\/\/weber-medien.de\/?p=3319","url":"https:\/\/weber-medien.de\/?p=3319","name":"Fotograf Aalen Ostalbkreis Fotostudio - Fotografie Aalen Ellwangen Heidenheim Abtsgm\u00fcnd Oberkochen Unterkochen Schw\u00e4bisch Gm\u00fcnd Ostalb","isPartOf":{"@id":"https:\/\/weber-medien.de\/#website"},"primaryImageOfPage":{"@id":"https:\/\/weber-medien.de\/?p=3319#primaryimage"},"image":{"@id":"https:\/\/weber-medien.de\/?p=3319#primaryimage"},"thumbnailUrl":"https:\/\/weber-medien.de\/wp-content\/uploads\/2020\/09\/fotograf-abtsgmuend-aalen-fotostudio-neubronn-hochzeit-akt-dessous-shooting-ostalbkreis-hochzeitsfotograf.png","datePublished":"2020-09-11T13:44:51+00:00","dateModified":"2020-10-02T12:59:29+00:00","breadcrumb":{"@id":"https:\/\/weber-medien.de\/?p=3319#breadcrumb"},"inLanguage":"de","potentialAction":[{"@type":"ReadAction","target":["https:\/\/weber-medien.de\/?p=3319"]}]},{"@type":"ImageObject","inLanguage":"de","@id":"https:\/\/weber-medien.de\/?p=3319#primaryimage","url":"https:\/\/weber-medien.de\/wp-content\/uploads\/2020\/09\/fotograf-abtsgmuend-aalen-fotostudio-neubronn-hochzeit-akt-dessous-shooting-ostalbkreis-hochzeitsfotograf.png","contentUrl":"https:\/\/weber-medien.de\/wp-content\/uploads\/2020\/09\/fotograf-abtsgmuend-aalen-fotostudio-neubronn-hochzeit-akt-dessous-shooting-ostalbkreis-hochzeitsfotograf.png","width":2048,"height":1365,"caption":"Fotograf Abtsgm\u00fcnd Aalen Fotostudio Neubronn Hochzeit Akt Dessous Shooting Ostalbkreis Hochzeitsfotograf"},{"@type":"BreadcrumbList","@id":"https:\/\/weber-medien.de\/?p=3319#breadcrumb","itemListElement":[{"@type":"ListItem","position":1,"name":"Startseite","item":"https:\/\/weber-medien.de\/"},{"@type":"ListItem","position":2,"name":"Fotograf Aalen Ostalbkreis Fotostudio"}]},{"@type":"WebSite","@id":"https:\/\/weber-medien.de\/#website","url":"https:\/\/weber-medien.de\/","name":"Fotografie Aalen Ellwangen Heidenheim Abtsgm\u00fcnd Oberkochen Unterkochen Schw\u00e4bisch Gm\u00fcnd Ostalb","description":"Fotografie Ostalbkreis Michael Weber Fotograf Hochzeit","publisher":{"@id":"https:\/\/weber-medien.de\/#organization"},"potentialAction":[{"@type":"SearchAction","target":{"@type":"EntryPoint","urlTemplate":"https:\/\/weber-medien.de\/?s={search_term_string}"},"query-input":{"@type":"PropertyValueSpecification","valueRequired":true,"valueName":"search_term_string"}}],"inLanguage":"de"},{"@type":"Organization","@id":"https:\/\/weber-medien.de\/#organization","name":"Michael Weber Fotografie in Aalen Ostalbkreis","url":"https:\/\/weber-medien.de\/","logo":{"@type":"ImageObject","inLanguage":"de","@id":"https:\/\/weber-medien.de\/#\/schema\/logo\/image\/","url":"https:\/\/weber-medien.de\/wp-content\/uploads\/2021\/07\/michael-weber-fotografie-fotograf-fotostudio-hochzeitsfotografie-aalen-ostalbkreis.jpg","contentUrl":"https:\/\/weber-medien.de\/wp-content\/uploads\/2021\/07\/michael-weber-fotografie-fotograf-fotostudio-hochzeitsfotografie-aalen-ostalbkreis.jpg","width":1200,"height":630,"caption":"Michael Weber Fotografie in Aalen Ostalbkreis"},"image":{"@id":"https:\/\/weber-medien.de\/#\/schema\/logo\/image\/"},"sameAs":["https:\/\/www.facebook.com\/weberfotografie","https:\/\/www.instagram.com\/weberfotografie"]},{"@type":"Person","@id":"https:\/\/weber-medien.de\/#\/schema\/person\/3060c4c42b10b53400f77b7a0b7334f1","name":"admin","sameAs":["https:\/\/weber-medien.de"],"url":"https:\/\/weber-medien.de\/?author=1"}]}},"_links":{"self":[{"href":"https:\/\/weber-medien.de\/index.php?rest_route=\/wp\/v2\/posts\/3319","targetHints":{"allow":["GET"]}}],"collection":[{"href":"https:\/\/weber-medien.de\/index.php?rest_route=\/wp\/v2\/posts"}],"about":[{"href":"https:\/\/weber-medien.de\/index.php?rest_route=\/wp\/v2\/types\/post"}],"author":[{"embeddable":true,"href":"https:\/\/weber-medien.de\/index.php?rest_route=\/wp\/v2\/users\/1"}],"replies":[{"embeddable":true,"href":"https:\/\/weber-medien.de\/index.php?rest_route=%2Fwp%2Fv2%2Fcomments&post=3319"}],"version-history":[{"count":0,"href":"https:\/\/weber-medien.de\/index.php?rest_route=\/wp\/v2\/posts\/3319\/revisions"}],"wp:featuredmedia":[{"embeddable":true,"href":"https:\/\/weber-medien.de\/index.php?rest_route=\/wp\/v2\/media\/3335"}],"wp:attachment":[{"href":"https:\/\/weber-medien.de\/index.php?rest_route=%2Fwp%2Fv2%2Fmedia&parent=3319"}],"wp:term":[{"taxonomy":"category","embeddable":true,"href":"https:\/\/weber-medien.de\/index.php?rest_route=%2Fwp%2Fv2%2Fcategories&post=3319"},{"taxonomy":"post_tag","embeddable":true,"href":"https:\/\/weber-medien.de\/index.php?rest_route=%2Fwp%2Fv2%2Ftags&post=3319"}],"curies":[{"name":"wp","href":"https:\/\/api.w.org\/{rel}","templated":true}]}}