{"id":3428,"date":"2020-10-02T17:18:21","date_gmt":"2020-10-02T17:18:21","guid":{"rendered":"https:\/\/weber-medien.de\/?p=3428"},"modified":"2020-10-26T17:59:21","modified_gmt":"2020-10-26T17:59:21","slug":"motorradshooting-im-ostalbkreis-fotostudio-fotograf-aalen-abtsgmuend-ellwangen-heidenheim","status":"publish","type":"post","link":"https:\/\/weber-medien.de\/?p=3428","title":{"rendered":"Motorradshooting im Ostalbkreis Fotostudio Fotograf Aalen Abtsgm\u00fcnd Ellwangen Heidenheim"},"content":{"rendered":"\n<p><\/p>\n\n\n\n<div id=\"justified-grid\" class=\"wp-block-bauman-gutenberg-collage full has-animation\">\n<div class=\"collage-thumb\"><a class=\"image-link\" href=\"https:\/\/weber-medien.de\/wp-content\/uploads\/2020\/10\/motorraeder-ostalbkreis-motorcycles-shooting-fotograf-fotostudio-huettlingen-schwaebische-alb-scaled.jpg\"><img decoding=\"async\" src=\"https:\/\/weber-medien.de\/wp-content\/uploads\/2020\/10\/motorraeder-ostalbkreis-motorcycles-shooting-fotograf-fotostudio-huettlingen-schwaebische-alb-scaled.jpg\" alt=\"\" \/><div class=\"thumb-info\"><h6>Caption Text<\/h6><\/div><\/a><\/div>\n\n\n\n<div class=\"collage-thumb\"><a class=\"image-link\" href=\"https:\/\/weber-medien.de\/wp-content\/uploads\/2020\/10\/motorradfahren-ostalbkreis-motorradtour-bikelife-bikerlife-superbike-ostalb-fotograf-shooting-scaled.jpg\"><img decoding=\"async\" src=\"https:\/\/weber-medien.de\/wp-content\/uploads\/2020\/10\/motorradfahren-ostalbkreis-motorradtour-bikelife-bikerlife-superbike-ostalb-fotograf-shooting-scaled.jpg\" alt=\"\" \/><div class=\"thumb-info\"><h6>Caption Text<\/h6><\/div><\/a><\/div>\n\n\n\n<div class=\"collage-thumb\"><a class=\"image-link\" href=\"https:\/\/weber-medien.de\/wp-content\/uploads\/2020\/10\/motorradfahrer-ostalbkreis-motorradtour-fotograf-fotostudio-biker-bikerin-aalen-ellwangen-scaled.jpg\"><img decoding=\"async\" src=\"https:\/\/weber-medien.de\/wp-content\/uploads\/2020\/10\/motorradfahrer-ostalbkreis-motorradtour-fotograf-fotostudio-biker-bikerin-aalen-ellwangen-scaled.jpg\" alt=\"\" \/><div class=\"thumb-info\"><h6>Caption Text<\/h6><\/div><\/a><\/div>\n\n\n\n<div class=\"collage-thumb\"><a class=\"image-link\" href=\"https:\/\/weber-medien.de\/wp-content\/uploads\/2020\/10\/motorradtour-aalen-motorrad-ostalbkreis-superbike-motorcycles-motobike-biker-scaled.jpg\"><img decoding=\"async\" src=\"https:\/\/weber-medien.de\/wp-content\/uploads\/2020\/10\/motorradtour-aalen-motorrad-ostalbkreis-superbike-motorcycles-motobike-biker-scaled.jpg\" alt=\"\" \/><div class=\"thumb-info\"><h6>Caption Text<\/h6><\/div><\/a><\/div>\n\n\n\n<div class=\"collage-thumb\"><a class=\"image-link\" href=\"https:\/\/weber-medien.de\/wp-content\/uploads\/2020\/10\/noerdlingen-ries-motorrad-motorradtour-motor-motorcycles-bikerin-model-shooting-scaled.jpg\"><img decoding=\"async\" src=\"https:\/\/weber-medien.de\/wp-content\/uploads\/2020\/10\/noerdlingen-ries-motorrad-motorradtour-motor-motorcycles-bikerin-model-shooting-scaled.jpg\" alt=\"\" \/><div class=\"thumb-info\"><h6>Caption Text<\/h6><\/div><\/a><\/div>\n\n\n\n<div class=\"collage-thumb\"><a class=\"image-link\" href=\"https:\/\/weber-medien.de\/wp-content\/uploads\/2020\/10\/oberkochen-motorrad-kochertal-kawasaki-shooting-fotograf-model-moto-motorcycle-scaled.jpg\"><img decoding=\"async\" src=\"https:\/\/weber-medien.de\/wp-content\/uploads\/2020\/10\/oberkochen-motorrad-kochertal-kawasaki-shooting-fotograf-model-moto-motorcycle-scaled.jpg\" alt=\"\" \/><div class=\"thumb-info\"><h6>Caption Text<\/h6><\/div><\/a><\/div>\n\n\n\n<div class=\"collage-thumb\"><a class=\"image-link\" href=\"https:\/\/weber-medien.de\/wp-content\/uploads\/2020\/10\/ostalbkreis-motorrad-bike-kawasaki-model-biker-shooting-motorbike-scaled.jpg\"><img decoding=\"async\" src=\"https:\/\/weber-medien.de\/wp-content\/uploads\/2020\/10\/ostalbkreis-motorrad-bike-kawasaki-model-biker-shooting-motorbike-scaled.jpg\" alt=\"\" \/><div class=\"thumb-info\"><h6>Caption Text<\/h6><\/div><\/a><\/div>\n\n\n\n<div class=\"collage-thumb\"><a class=\"image-link\" href=\"https:\/\/weber-medien.de\/wp-content\/uploads\/2020\/10\/ostalbkreis-motorradtour-superbike-model-fotografie-motorcycles-motolife-motorcycle-kawasaki-scaled.jpg\"><img decoding=\"async\" src=\"https:\/\/weber-medien.de\/wp-content\/uploads\/2020\/10\/ostalbkreis-motorradtour-superbike-model-fotografie-motorcycles-motolife-motorcycle-kawasaki-scaled.jpg\" alt=\"\" \/><div class=\"thumb-info\"><h6>Caption Text<\/h6><\/div><\/a><\/div>\n\n\n\n<div class=\"collage-thumb\"><a class=\"image-link\" href=\"https:\/\/weber-medien.de\/wp-content\/uploads\/2020\/10\/ostalbkreis-superbike-motocylce-bmw-honda-suzuki-kawasaki-shooting-fotograf-fotostudio-scaled.jpg\"><img decoding=\"async\" src=\"https:\/\/weber-medien.de\/wp-content\/uploads\/2020\/10\/ostalbkreis-superbike-motocylce-bmw-honda-suzuki-kawasaki-shooting-fotograf-fotostudio-scaled.jpg\" alt=\"\" \/><div class=\"thumb-info\"><h6>Caption Text<\/h6><\/div><\/a><\/div>\n\n\n\n<div class=\"collage-thumb\"><a class=\"image-link\" href=\"https:\/\/weber-medien.de\/wp-content\/uploads\/2020\/10\/rennstrecke-aalen-rennbahn-motorcycle-rennen-ostalbkreis-bikerin-model-fotoshooting-scaled.jpg\"><img decoding=\"async\" src=\"https:\/\/weber-medien.de\/wp-content\/uploads\/2020\/10\/rennstrecke-aalen-rennbahn-motorcycle-rennen-ostalbkreis-bikerin-model-fotoshooting-scaled.jpg\" alt=\"\" \/><div class=\"thumb-info\"><h6>Caption Text<\/h6><\/div><\/a><\/div>\n\n\n\n<div class=\"collage-thumb\"><a class=\"image-link\" href=\"https:\/\/weber-medien.de\/wp-content\/uploads\/2020\/10\/rennstrecke-rennbahn-ostalbkreis-rennen-motorrad-motorcycles-motorradfahrer-biker-scaled.jpg\"><img decoding=\"async\" src=\"https:\/\/weber-medien.de\/wp-content\/uploads\/2020\/10\/rennstrecke-rennbahn-ostalbkreis-rennen-motorrad-motorcycles-motorradfahrer-biker-scaled.jpg\" alt=\"\" \/><div class=\"thumb-info\"><h6>Caption Text<\/h6><\/div><\/a><\/div>\n\n\n\n<div class=\"collage-thumb\"><a class=\"image-link\" href=\"https:\/\/weber-medien.de\/wp-content\/uploads\/2020\/10\/schwaebisch-gmuend-motorrad-shooting-fotostudio-fotografie-model-loft-kawasaki-motorcycle-scaled.jpg\"><img decoding=\"async\" src=\"https:\/\/weber-medien.de\/wp-content\/uploads\/2020\/10\/schwaebisch-gmuend-motorrad-shooting-fotostudio-fotografie-model-loft-kawasaki-motorcycle-scaled.jpg\" alt=\"\" \/><div class=\"thumb-info\"><h6>Caption Text<\/h6><\/div><\/a><\/div>\n\n\n\n<div class=\"collage-thumb\"><a class=\"image-link\" href=\"https:\/\/weber-medien.de\/wp-content\/uploads\/2020\/10\/suzuki-aalen-motorrad-fotografie-shooting-motorcycle-biker-motocycle-motolife-kochertal-scaled.jpg\"><img decoding=\"async\" src=\"https:\/\/weber-medien.de\/wp-content\/uploads\/2020\/10\/suzuki-aalen-motorrad-fotografie-shooting-motorcycle-biker-motocycle-motolife-kochertal-scaled.jpg\" alt=\"\" \/><div class=\"thumb-info\"><h6>Caption Text<\/h6><\/div><\/a><\/div>\n\n\n\n<div class=\"collage-thumb\"><a class=\"image-link\" href=\"https:\/\/weber-medien.de\/wp-content\/uploads\/2020\/10\/unterkochen-shooting-motorrad-fotografie-foto-studio-biker-cyyle-motorcycle-kawasaki-scaled.jpg\"><img decoding=\"async\" src=\"https:\/\/weber-medien.de\/wp-content\/uploads\/2020\/10\/unterkochen-shooting-motorrad-fotografie-foto-studio-biker-cyyle-motorcycle-kawasaki-scaled.jpg\" alt=\"\" \/><div class=\"thumb-info\"><h6>Caption Text<\/h6><\/div><\/a><\/div>\n\n\n\n<div class=\"collage-thumb\"><a class=\"image-link\" href=\"https:\/\/weber-medien.de\/wp-content\/uploads\/2020\/10\/wasseralfingen-motorrad-huettlingen-fotografie-fotostudio-hochzeit-motorcycle-motorbike-superbike-scaled.jpg\"><img decoding=\"async\" src=\"https:\/\/weber-medien.de\/wp-content\/uploads\/2020\/10\/wasseralfingen-motorrad-huettlingen-fotografie-fotostudio-hochzeit-motorcycle-motorbike-superbike-scaled.jpg\" alt=\"\" \/><div class=\"thumb-info\"><h6>Caption Text<\/h6><\/div><\/a><\/div>\n<\/div>\n","protected":false},"excerpt":{"rendered":"","protected":false},"author":1,"featured_media":3415,"comment_status":"closed","ping_status":"open","sticky":false,"template":"","format":"standard","meta":{"_exactmetrics_skip_tracking":false,"_exactmetrics_sitenote_active":false,"_exactmetrics_sitenote_note":"","_exactmetrics_sitenote_category":0,"_uf_show_specific_survey":0,"_uf_disable_surveys":false,"footnotes":""},"categories":[27,37,39,69,70,40,26,31,36,76,32,34,72,71,68,73,74,77,92,75,38,28,91,78,3,4],"tags":[47,57,59,80,81,46,51,87,54,82,79,84,85,88,93,86,58,49,90,89,99,94],"class_list":["post-3428","post","type-post","status-publish","format-standard","has-post-thumbnail","hentry","category-aalen","category-abtsgmuend","category-auftragsfotografie","category-biker","category-bikerin","category-ellwangen","category-fotografie","category-fotostudio","category-heidenheim","category-kochertal","category-loft","category-luxus","category-motocycle","category-motorcycle","category-motorrad","category-motorradfahrer","category-motorradfahrerin","category-motorradrennen","category-motorradshooting","category-motorradtour","category-neubronn","category-ostalbkreis","category-raser","category-rennstrecke","category-sport","category-travel","tag-aalen","tag-abtsgmuend","tag-auftragsfotografie","tag-biker","tag-bikerin","tag-fotografie","tag-fotostudio","tag-kochertal","tag-luxus","tag-motorcycle","tag-motorrad","tag-motorradfahrer","tag-motorradfahrerin","tag-motorradrennen","tag-motorradshooting","tag-motorradtour","tag-neubronn","tag-ostalbkreis","tag-raser","tag-rennstrecke","tag-sport","tag-travel"],"aioseo_notices":[],"yoast_head":"<!-- This site is optimized with the Yoast SEO plugin v27.5 - https:\/\/yoast.com\/product\/yoast-seo-wordpress\/ -->\n<title>Motorradshooting im Ostalbkreis Fotostudio Fotograf Aalen Abtsgm\u00fcnd Ellwangen Heidenheim - Fotografie Aalen Ellwangen Heidenheim Abtsgm\u00fcnd Oberkochen Unterkochen Schw\u00e4bisch Gm\u00fcnd Ostalb<\/title>\n<meta name=\"robots\" content=\"index, follow, max-snippet:-1, max-image-preview:large, max-video-preview:-1\" \/>\n<link rel=\"canonical\" href=\"https:\/\/weber-medien.de\/?p=3428\" \/>\n<meta property=\"og:locale\" content=\"de_DE\" \/>\n<meta property=\"og:type\" content=\"article\" \/>\n<meta property=\"og:title\" content=\"Motorradshooting im Ostalbkreis Fotostudio Fotograf Aalen Abtsgm\u00fcnd Ellwangen Heidenheim - Fotografie Aalen Ellwangen Heidenheim Abtsgm\u00fcnd Oberkochen Unterkochen Schw\u00e4bisch Gm\u00fcnd Ostalb\" \/>\n<meta property=\"og:url\" content=\"https:\/\/weber-medien.de\/?p=3428\" \/>\n<meta property=\"og:site_name\" content=\"Fotografie Aalen Ellwangen Heidenheim Abtsgm\u00fcnd Oberkochen Unterkochen Schw\u00e4bisch Gm\u00fcnd Ostalb\" \/>\n<meta property=\"article:publisher\" content=\"https:\/\/www.facebook.com\/weberfotografie\" \/>\n<meta property=\"article:published_time\" content=\"2020-10-02T17:18:21+00:00\" \/>\n<meta property=\"article:modified_time\" content=\"2020-10-26T17:59:21+00:00\" \/>\n<meta property=\"og:image\" content=\"https:\/\/weber-medien.de\/wp-content\/uploads\/2020\/10\/schwaebisch-gmuend-motorrad-shooting-fotostudio-fotografie-model-loft-kawasaki-motorcycle-scaled.jpg\" \/>\n\t<meta property=\"og:image:width\" content=\"2560\" \/>\n\t<meta property=\"og:image:height\" content=\"1707\" \/>\n\t<meta property=\"og:image:type\" content=\"image\/jpeg\" \/>\n<meta name=\"author\" content=\"admin\" \/>\n<meta name=\"twitter:card\" content=\"summary_large_image\" \/>\n<meta name=\"twitter:label1\" content=\"Verfasst von\" \/>\n\t<meta name=\"twitter:data1\" content=\"admin\" \/>\n\t<meta name=\"twitter:label2\" content=\"Gesch\u00e4tzte Lesezeit\" \/>\n\t<meta name=\"twitter:data2\" content=\"2\u00a0Minuten\" \/>\n<script type=\"application\/ld+json\" class=\"yoast-schema-graph\">{\"@context\":\"https:\\\/\\\/schema.org\",\"@graph\":[{\"@type\":\"Article\",\"@id\":\"https:\\\/\\\/weber-medien.de\\\/?p=3428#article\",\"isPartOf\":{\"@id\":\"https:\\\/\\\/weber-medien.de\\\/?p=3428\"},\"author\":{\"name\":\"admin\",\"@id\":\"https:\\\/\\\/weber-medien.de\\\/#\\\/schema\\\/person\\\/3060c4c42b10b53400f77b7a0b7334f1\"},\"headline\":\"Motorradshooting im Ostalbkreis Fotostudio Fotograf Aalen Abtsgm\u00fcnd Ellwangen Heidenheim\",\"datePublished\":\"2020-10-02T17:18:21+00:00\",\"dateModified\":\"2020-10-26T17:59:21+00:00\",\"mainEntityOfPage\":{\"@id\":\"https:\\\/\\\/weber-medien.de\\\/?p=3428\"},\"wordCount\":445,\"publisher\":{\"@id\":\"https:\\\/\\\/weber-medien.de\\\/#organization\"},\"image\":{\"@id\":\"https:\\\/\\\/weber-medien.de\\\/?p=3428#primaryimage\"},\"thumbnailUrl\":\"https:\\\/\\\/weber-medien.de\\\/wp-content\\\/uploads\\\/2020\\\/10\\\/schwaebisch-gmuend-motorrad-shooting-fotostudio-fotografie-model-loft-kawasaki-motorcycle-scaled.jpg\",\"keywords\":[\"Aalen\",\"Abtsgm\u00fcnd\",\"Auftragsfotografie\",\"Biker\",\"Bikerin\",\"Fotografie\",\"Fotostudio\",\"Kochertal\",\"Luxus\",\"Motorcycle\",\"Motorrad\",\"Motorradfahrer\",\"Motorradfahrerin\",\"Motorradrennen\",\"Motorradshooting\",\"Motorradtour\",\"Neubronn\",\"Ostalbkreis\",\"Raser\",\"Rennstrecke\",\"sport\",\"Travel\"],\"articleSection\":[\"Aalen\",\"Abtsgm\u00fcnd\",\"Auftragsfotografie\",\"Biker\",\"Bikerin\",\"Ellwangen\",\"Fotografie\",\"Fotostudio\",\"Heidenheim\",\"Kochertal\",\"Loft\",\"Luxus\",\"Motocycle\",\"Motorcycle\",\"Motorrad\",\"Motorradfahrer\",\"Motorradfahrerin\",\"Motorradrennen\",\"Motorradshooting\",\"Motorradtour\",\"Neubronn\",\"Ostalbkreis\",\"Raser\",\"Rennstrecke\",\"Sport\",\"Travel\"],\"inLanguage\":\"de\"},{\"@type\":\"WebPage\",\"@id\":\"https:\\\/\\\/weber-medien.de\\\/?p=3428\",\"url\":\"https:\\\/\\\/weber-medien.de\\\/?p=3428\",\"name\":\"Motorradshooting im Ostalbkreis Fotostudio Fotograf Aalen Abtsgm\u00fcnd Ellwangen Heidenheim - Fotografie Aalen Ellwangen Heidenheim Abtsgm\u00fcnd Oberkochen Unterkochen Schw\u00e4bisch Gm\u00fcnd Ostalb\",\"isPartOf\":{\"@id\":\"https:\\\/\\\/weber-medien.de\\\/#website\"},\"primaryImageOfPage\":{\"@id\":\"https:\\\/\\\/weber-medien.de\\\/?p=3428#primaryimage\"},\"image\":{\"@id\":\"https:\\\/\\\/weber-medien.de\\\/?p=3428#primaryimage\"},\"thumbnailUrl\":\"https:\\\/\\\/weber-medien.de\\\/wp-content\\\/uploads\\\/2020\\\/10\\\/schwaebisch-gmuend-motorrad-shooting-fotostudio-fotografie-model-loft-kawasaki-motorcycle-scaled.jpg\",\"datePublished\":\"2020-10-02T17:18:21+00:00\",\"dateModified\":\"2020-10-26T17:59:21+00:00\",\"breadcrumb\":{\"@id\":\"https:\\\/\\\/weber-medien.de\\\/?p=3428#breadcrumb\"},\"inLanguage\":\"de\",\"potentialAction\":[{\"@type\":\"ReadAction\",\"target\":[\"https:\\\/\\\/weber-medien.de\\\/?p=3428\"]}]},{\"@type\":\"ImageObject\",\"inLanguage\":\"de\",\"@id\":\"https:\\\/\\\/weber-medien.de\\\/?p=3428#primaryimage\",\"url\":\"https:\\\/\\\/weber-medien.de\\\/wp-content\\\/uploads\\\/2020\\\/10\\\/schwaebisch-gmuend-motorrad-shooting-fotostudio-fotografie-model-loft-kawasaki-motorcycle-scaled.jpg\",\"contentUrl\":\"https:\\\/\\\/weber-medien.de\\\/wp-content\\\/uploads\\\/2020\\\/10\\\/schwaebisch-gmuend-motorrad-shooting-fotostudio-fotografie-model-loft-kawasaki-motorcycle-scaled.jpg\",\"width\":2560,\"height\":1707,\"caption\":\"Schw\u00e4bisch-Gm\u00fcnd Motorrad Shooting Fotostudio Fotografie Model Loft Kawasaki Motorcycle\"},{\"@type\":\"BreadcrumbList\",\"@id\":\"https:\\\/\\\/weber-medien.de\\\/?p=3428#breadcrumb\",\"itemListElement\":[{\"@type\":\"ListItem\",\"position\":1,\"name\":\"Startseite\",\"item\":\"https:\\\/\\\/weber-medien.de\\\/\"},{\"@type\":\"ListItem\",\"position\":2,\"name\":\"Motorradshooting im Ostalbkreis Fotostudio Fotograf Aalen Abtsgm\u00fcnd Ellwangen Heidenheim\"}]},{\"@type\":\"WebSite\",\"@id\":\"https:\\\/\\\/weber-medien.de\\\/#website\",\"url\":\"https:\\\/\\\/weber-medien.de\\\/\",\"name\":\"Fotografie Aalen Ellwangen Heidenheim Abtsgm\u00fcnd Oberkochen Unterkochen Schw\u00e4bisch Gm\u00fcnd Ostalb\",\"description\":\"Fotografie Ostalbkreis Michael Weber Fotograf Hochzeit\",\"publisher\":{\"@id\":\"https:\\\/\\\/weber-medien.de\\\/#organization\"},\"potentialAction\":[{\"@type\":\"SearchAction\",\"target\":{\"@type\":\"EntryPoint\",\"urlTemplate\":\"https:\\\/\\\/weber-medien.de\\\/?s={search_term_string}\"},\"query-input\":{\"@type\":\"PropertyValueSpecification\",\"valueRequired\":true,\"valueName\":\"search_term_string\"}}],\"inLanguage\":\"de\"},{\"@type\":\"Organization\",\"@id\":\"https:\\\/\\\/weber-medien.de\\\/#organization\",\"name\":\"Michael Weber Fotografie in Aalen Ostalbkreis\",\"url\":\"https:\\\/\\\/weber-medien.de\\\/\",\"logo\":{\"@type\":\"ImageObject\",\"inLanguage\":\"de\",\"@id\":\"https:\\\/\\\/weber-medien.de\\\/#\\\/schema\\\/logo\\\/image\\\/\",\"url\":\"https:\\\/\\\/weber-medien.de\\\/wp-content\\\/uploads\\\/2021\\\/07\\\/michael-weber-fotografie-fotograf-fotostudio-hochzeitsfotografie-aalen-ostalbkreis.jpg\",\"contentUrl\":\"https:\\\/\\\/weber-medien.de\\\/wp-content\\\/uploads\\\/2021\\\/07\\\/michael-weber-fotografie-fotograf-fotostudio-hochzeitsfotografie-aalen-ostalbkreis.jpg\",\"width\":1200,\"height\":630,\"caption\":\"Michael Weber Fotografie in Aalen Ostalbkreis\"},\"image\":{\"@id\":\"https:\\\/\\\/weber-medien.de\\\/#\\\/schema\\\/logo\\\/image\\\/\"},\"sameAs\":[\"https:\\\/\\\/www.facebook.com\\\/weberfotografie\",\"https:\\\/\\\/www.instagram.com\\\/weberfotografie\"]},{\"@type\":\"Person\",\"@id\":\"https:\\\/\\\/weber-medien.de\\\/#\\\/schema\\\/person\\\/3060c4c42b10b53400f77b7a0b7334f1\",\"name\":\"admin\",\"sameAs\":[\"https:\\\/\\\/weber-medien.de\"],\"url\":\"https:\\\/\\\/weber-medien.de\\\/?author=1\"}]}<\/script>\n<!-- \/ Yoast SEO plugin. -->","yoast_head_json":{"title":"Motorradshooting im Ostalbkreis Fotostudio Fotograf Aalen Abtsgm\u00fcnd Ellwangen Heidenheim - Fotografie Aalen Ellwangen Heidenheim Abtsgm\u00fcnd Oberkochen Unterkochen Schw\u00e4bisch Gm\u00fcnd Ostalb","robots":{"index":"index","follow":"follow","max-snippet":"max-snippet:-1","max-image-preview":"max-image-preview:large","max-video-preview":"max-video-preview:-1"},"canonical":"https:\/\/weber-medien.de\/?p=3428","og_locale":"de_DE","og_type":"article","og_title":"Motorradshooting im Ostalbkreis Fotostudio Fotograf Aalen Abtsgm\u00fcnd Ellwangen Heidenheim - Fotografie Aalen Ellwangen Heidenheim Abtsgm\u00fcnd Oberkochen Unterkochen Schw\u00e4bisch Gm\u00fcnd Ostalb","og_url":"https:\/\/weber-medien.de\/?p=3428","og_site_name":"Fotografie Aalen Ellwangen Heidenheim Abtsgm\u00fcnd Oberkochen Unterkochen Schw\u00e4bisch Gm\u00fcnd Ostalb","article_publisher":"https:\/\/www.facebook.com\/weberfotografie","article_published_time":"2020-10-02T17:18:21+00:00","article_modified_time":"2020-10-26T17:59:21+00:00","og_image":[{"width":2560,"height":1707,"url":"https:\/\/weber-medien.de\/wp-content\/uploads\/2020\/10\/schwaebisch-gmuend-motorrad-shooting-fotostudio-fotografie-model-loft-kawasaki-motorcycle-scaled.jpg","type":"image\/jpeg"}],"author":"admin","twitter_card":"summary_large_image","twitter_misc":{"Verfasst von":"admin","Gesch\u00e4tzte Lesezeit":"2\u00a0Minuten"},"schema":{"@context":"https:\/\/schema.org","@graph":[{"@type":"Article","@id":"https:\/\/weber-medien.de\/?p=3428#article","isPartOf":{"@id":"https:\/\/weber-medien.de\/?p=3428"},"author":{"name":"admin","@id":"https:\/\/weber-medien.de\/#\/schema\/person\/3060c4c42b10b53400f77b7a0b7334f1"},"headline":"Motorradshooting im Ostalbkreis Fotostudio Fotograf Aalen Abtsgm\u00fcnd Ellwangen Heidenheim","datePublished":"2020-10-02T17:18:21+00:00","dateModified":"2020-10-26T17:59:21+00:00","mainEntityOfPage":{"@id":"https:\/\/weber-medien.de\/?p=3428"},"wordCount":445,"publisher":{"@id":"https:\/\/weber-medien.de\/#organization"},"image":{"@id":"https:\/\/weber-medien.de\/?p=3428#primaryimage"},"thumbnailUrl":"https:\/\/weber-medien.de\/wp-content\/uploads\/2020\/10\/schwaebisch-gmuend-motorrad-shooting-fotostudio-fotografie-model-loft-kawasaki-motorcycle-scaled.jpg","keywords":["Aalen","Abtsgm\u00fcnd","Auftragsfotografie","Biker","Bikerin","Fotografie","Fotostudio","Kochertal","Luxus","Motorcycle","Motorrad","Motorradfahrer","Motorradfahrerin","Motorradrennen","Motorradshooting","Motorradtour","Neubronn","Ostalbkreis","Raser","Rennstrecke","sport","Travel"],"articleSection":["Aalen","Abtsgm\u00fcnd","Auftragsfotografie","Biker","Bikerin","Ellwangen","Fotografie","Fotostudio","Heidenheim","Kochertal","Loft","Luxus","Motocycle","Motorcycle","Motorrad","Motorradfahrer","Motorradfahrerin","Motorradrennen","Motorradshooting","Motorradtour","Neubronn","Ostalbkreis","Raser","Rennstrecke","Sport","Travel"],"inLanguage":"de"},{"@type":"WebPage","@id":"https:\/\/weber-medien.de\/?p=3428","url":"https:\/\/weber-medien.de\/?p=3428","name":"Motorradshooting im Ostalbkreis Fotostudio Fotograf Aalen Abtsgm\u00fcnd Ellwangen Heidenheim - Fotografie Aalen Ellwangen Heidenheim Abtsgm\u00fcnd Oberkochen Unterkochen Schw\u00e4bisch Gm\u00fcnd Ostalb","isPartOf":{"@id":"https:\/\/weber-medien.de\/#website"},"primaryImageOfPage":{"@id":"https:\/\/weber-medien.de\/?p=3428#primaryimage"},"image":{"@id":"https:\/\/weber-medien.de\/?p=3428#primaryimage"},"thumbnailUrl":"https:\/\/weber-medien.de\/wp-content\/uploads\/2020\/10\/schwaebisch-gmuend-motorrad-shooting-fotostudio-fotografie-model-loft-kawasaki-motorcycle-scaled.jpg","datePublished":"2020-10-02T17:18:21+00:00","dateModified":"2020-10-26T17:59:21+00:00","breadcrumb":{"@id":"https:\/\/weber-medien.de\/?p=3428#breadcrumb"},"inLanguage":"de","potentialAction":[{"@type":"ReadAction","target":["https:\/\/weber-medien.de\/?p=3428"]}]},{"@type":"ImageObject","inLanguage":"de","@id":"https:\/\/weber-medien.de\/?p=3428#primaryimage","url":"https:\/\/weber-medien.de\/wp-content\/uploads\/2020\/10\/schwaebisch-gmuend-motorrad-shooting-fotostudio-fotografie-model-loft-kawasaki-motorcycle-scaled.jpg","contentUrl":"https:\/\/weber-medien.de\/wp-content\/uploads\/2020\/10\/schwaebisch-gmuend-motorrad-shooting-fotostudio-fotografie-model-loft-kawasaki-motorcycle-scaled.jpg","width":2560,"height":1707,"caption":"Schw\u00e4bisch-Gm\u00fcnd Motorrad Shooting Fotostudio Fotografie Model Loft Kawasaki Motorcycle"},{"@type":"BreadcrumbList","@id":"https:\/\/weber-medien.de\/?p=3428#breadcrumb","itemListElement":[{"@type":"ListItem","position":1,"name":"Startseite","item":"https:\/\/weber-medien.de\/"},{"@type":"ListItem","position":2,"name":"Motorradshooting im Ostalbkreis Fotostudio Fotograf Aalen Abtsgm\u00fcnd Ellwangen Heidenheim"}]},{"@type":"WebSite","@id":"https:\/\/weber-medien.de\/#website","url":"https:\/\/weber-medien.de\/","name":"Fotografie Aalen Ellwangen Heidenheim Abtsgm\u00fcnd Oberkochen Unterkochen Schw\u00e4bisch Gm\u00fcnd Ostalb","description":"Fotografie Ostalbkreis Michael Weber Fotograf Hochzeit","publisher":{"@id":"https:\/\/weber-medien.de\/#organization"},"potentialAction":[{"@type":"SearchAction","target":{"@type":"EntryPoint","urlTemplate":"https:\/\/weber-medien.de\/?s={search_term_string}"},"query-input":{"@type":"PropertyValueSpecification","valueRequired":true,"valueName":"search_term_string"}}],"inLanguage":"de"},{"@type":"Organization","@id":"https:\/\/weber-medien.de\/#organization","name":"Michael Weber Fotografie in Aalen Ostalbkreis","url":"https:\/\/weber-medien.de\/","logo":{"@type":"ImageObject","inLanguage":"de","@id":"https:\/\/weber-medien.de\/#\/schema\/logo\/image\/","url":"https:\/\/weber-medien.de\/wp-content\/uploads\/2021\/07\/michael-weber-fotografie-fotograf-fotostudio-hochzeitsfotografie-aalen-ostalbkreis.jpg","contentUrl":"https:\/\/weber-medien.de\/wp-content\/uploads\/2021\/07\/michael-weber-fotografie-fotograf-fotostudio-hochzeitsfotografie-aalen-ostalbkreis.jpg","width":1200,"height":630,"caption":"Michael Weber Fotografie in Aalen Ostalbkreis"},"image":{"@id":"https:\/\/weber-medien.de\/#\/schema\/logo\/image\/"},"sameAs":["https:\/\/www.facebook.com\/weberfotografie","https:\/\/www.instagram.com\/weberfotografie"]},{"@type":"Person","@id":"https:\/\/weber-medien.de\/#\/schema\/person\/3060c4c42b10b53400f77b7a0b7334f1","name":"admin","sameAs":["https:\/\/weber-medien.de"],"url":"https:\/\/weber-medien.de\/?author=1"}]}},"_links":{"self":[{"href":"https:\/\/weber-medien.de\/index.php?rest_route=\/wp\/v2\/posts\/3428","targetHints":{"allow":["GET"]}}],"collection":[{"href":"https:\/\/weber-medien.de\/index.php?rest_route=\/wp\/v2\/posts"}],"about":[{"href":"https:\/\/weber-medien.de\/index.php?rest_route=\/wp\/v2\/types\/post"}],"author":[{"embeddable":true,"href":"https:\/\/weber-medien.de\/index.php?rest_route=\/wp\/v2\/users\/1"}],"replies":[{"embeddable":true,"href":"https:\/\/weber-medien.de\/index.php?rest_route=%2Fwp%2Fv2%2Fcomments&post=3428"}],"version-history":[{"count":0,"href":"https:\/\/weber-medien.de\/index.php?rest_route=\/wp\/v2\/posts\/3428\/revisions"}],"wp:featuredmedia":[{"embeddable":true,"href":"https:\/\/weber-medien.de\/index.php?rest_route=\/wp\/v2\/media\/3415"}],"wp:attachment":[{"href":"https:\/\/weber-medien.de\/index.php?rest_route=%2Fwp%2Fv2%2Fmedia&parent=3428"}],"wp:term":[{"taxonomy":"category","embeddable":true,"href":"https:\/\/weber-medien.de\/index.php?rest_route=%2Fwp%2Fv2%2Fcategories&post=3428"},{"taxonomy":"post_tag","embeddable":true,"href":"https:\/\/weber-medien.de\/index.php?rest_route=%2Fwp%2Fv2%2Ftags&post=3428"}],"curies":[{"name":"wp","href":"https:\/\/api.w.org\/{rel}","templated":true}]}}